{"id":565,"date":"2023-01-30T14:46:13","date_gmt":"2023-01-30T14:46:13","guid":{"rendered":"https:\/\/sylviabratzik.de\/?p=565"},"modified":"2023-04-20T09:50:45","modified_gmt":"2023-04-20T09:50:45","slug":"30-jan-2023-the-day-the-telefonzelle-died","status":"publish","type":"post","link":"https:\/\/sylviabratzik.de\/index.php\/2023\/01\/30\/30-jan-2023-the-day-the-telefonzelle-died\/","title":{"rendered":"30. Jan. 2023 &#8211; The day the Telefonzelle died"},"content":{"rendered":"\n<h4 class=\"wp-block-heading\">Die letzten Telefonzellen<\/h4>\n\n\n\n<p>Am heutigen Tag, dem 30. Jan. 2023, werden alle verbliebenen Telefonzellen (12.000 in ganz Deutschland) abgeschaltet. Vermutlich gab es eine \u00c4nderung im Telekommunikations\u00adgesetz, da es fr\u00fcher verpflichtend war alle X Meter eine Telefonzelle aufzustellen, f\u00fcr den Notfall o.\u00e4. In einer Zeit aber, wo doch sogar mein 9-j\u00e4hriger Neffe schon seit einem Jahr ein Mobiltelefon hat, hat die Politik sich scheinbar entschieden, dass es nicht mehr notwendig ist, die Zellen (inkl. deren Vandalismus, wor\u00fcber es laut <a href=\"https:\/\/www.sueddeutsche.de\/politik\/telekom-telefonzelle-fernsprecher-1.5741063?reduced=true\" data-type=\"URL\" data-id=\"https:\/\/www.sueddeutsche.de\/politik\/telekom-telefonzelle-fernsprecher-1.5741063?reduced=true\">S\u00fcddeutsche Zeitung<\/a> eine Doktorarbeit gab) zu warten und zu unterhalten. Ich habe dar\u00fcber nachgedacht, welche Rolle die Zellen f\u00fcr mich gespielt haben in meinem Leben. <\/p>\n\n\n\n<p>Gegen\u00fcber unseres Wohnhauses auf der Sankt-Anton-Str. in Krefeld stand vor dem Eingang zum Stadtgarten immer eine Telefonzelle. Erst die gelben dann magentafarben. Immer hatte ich eine Telefonkarte dabei, ich erinnere mich sogar, dass es Menschen gab (inkl. mir?) die Telefonkarten gesammelt haben, die Telekom hatte n\u00e4mlich die Karten mit unterschiedlichen Motiven rausgegeben. (F\u00fcr diejenigen, die nicht mehr wissen was Telefonkarten sind\/ waren: hier ein tagesaktuelles Foto und eine kurze Beschreibung:)<\/p>\n\n\n\n<div class=\"wp-block-media-text alignwide is-stacked-on-mobile is-image-fill\"><figure class=\"wp-block-media-text__media\" style=\"background-image:url(https:\/\/sylviabratzik.de\/wp-content\/uploads\/2023\/01\/WhatsApp-Image-2023-01-30-at-15.09.50-768x1024.jpeg);background-position:50% 50%\"><img loading=\"lazy\" decoding=\"async\" width=\"768\" height=\"1024\" src=\"https:\/\/sylviabratzik.de\/wp-content\/uploads\/2023\/01\/WhatsApp-Image-2023-01-30-at-15.09.50-768x1024.jpeg\" alt=\"\" class=\"wp-image-569 size-large\" srcset=\"https:\/\/sylviabratzik.de\/wp-content\/uploads\/2023\/01\/WhatsApp-Image-2023-01-30-at-15.09.50-768x1024.jpeg 768w, https:\/\/sylviabratzik.de\/wp-content\/uploads\/2023\/01\/WhatsApp-Image-2023-01-30-at-15.09.50-225x300.jpeg 225w, https:\/\/sylviabratzik.de\/wp-content\/uploads\/2023\/01\/WhatsApp-Image-2023-01-30-at-15.09.50-1152x1536.jpeg 1152w, https:\/\/sylviabratzik.de\/wp-content\/uploads\/2023\/01\/WhatsApp-Image-2023-01-30-at-15.09.50.jpeg 1536w\" sizes=\"auto, (max-width: 768px) 100vw, 768px\" \/><\/figure><div class=\"wp-block-media-text__content\">\n<p>Eine Telefonkarte erwarb man mit einem Guthaben zu bestimmten Betr\u00e4gen, wie 25 DM (Deutsche Mark) und konnte diese an den Telefonzellen abtelefonieren. Auch ein M\u00fcnzschlitz war vorhanden, in die man M\u00fcnzen zum Telefonieren werfen konnte.<\/p>\n<\/div><\/div>\n\n\n\n<p>Wenn wir auf Ferienfreizeit fuhren, wurde uns immer von den Eltern eine Telefonkarte mitgegeben. K\u00fcrzlich habe ich einen Brief gefunden, den ich wohl damals 10-j\u00e4hrig, an meine Eltern geschrieben habe. Von Telefonaten wei\u00df ich nichts mehr. Ich erinnere mich aber daran, wie die Telefonzellen immer &#8220;digitaler&#8221; wurden. Bald konnte man SMS schreiben, es gab auch Modelle, mit denen man Emails verschicken und ins Internet gehen konnte. (Das Modell bei mir in der N\u00e4he hat sogar einen Hotspot). Aber die &#8220;Verhandysierung&#8221; der Gesellschaft konnte nicht entgegengewirkt werden. Kaum jemand nutzte noch Telefonzellen (ich vermute die Call Shops bleiben davon unger\u00fchrt, denn Telefonate ins Ausland sind immer noch teuer?). Was ich mich frage: sollte es einen St\u00f6rungsfall geben, und das Mobilfunknetz f\u00e4llt aus: wer hat denn zu Hause noch ein Festnetztelefon? Ich habe seit dem Auszug aus meinem Elternhaus 2004 keines mehr besessen (au\u00dfer kurzzeitig, als ich mit meinem Freund zusammengewohnt hatte, der hatte sowieso eines), vom Netzbetreiber O2 gab es damals eine Art &#8220;Festnetz&#8221;: wenn man sich in einem bestimmten Radius von zu Hause bewegte, konnte man auf einer Festnetznummer erreichbar sein, damit die anrufende Person g\u00fcnstigere Kosten hatte. Die Problematik bei meinem Mobiltelefon, welches schon 4,5 Jahre und 2 Batteriewechsel auf dem Buckel hat: die Akkulaufzeit ist sehr gering und ich muss st\u00e4ndig eine Powerbank mit mir rum\u00adschleppen. Wer wei\u00df. Vielleicht gibt es einen Sinneswandel und die Menschen streben nach mehr &#8220;digital detox&#8221;, verbannen ihre Handys in die Schubladen und installieren sich wieder Festnetztelefone. Und dann w\u00e4re man froh, wenn man von unterwegs jemanden erreichen k\u00f6nnte, wenn man sich z.B. ver\u00adsp\u00e4tet.<\/p>\n\n\n\n<p>R.I.P. du arme, maltr\u00e4tierte Telefonzelle, in der auch fr\u00fcher Telefonb\u00fccher klebten. Genie\u00dfe nach \u00fcber 142 Jahren dein wohlverdienten Ruhestand!<\/p>\n","protected":false},"excerpt":{"rendered":"<p>Die letzten Telefonzellen Am heutigen Tag, dem 30. Jan. 2023, werden alle verbliebenen Telefonzellen (12.000 in ganz Deutschland) abgeschaltet. Vermutlich gab es eine \u00c4nderung im Telekommunikations\u00adgesetz, da es fr\u00fcher verpflichtend war alle X Meter eine Telefonzelle aufzustellen, f\u00fcr den Notfall o.\u00e4. In einer Zeit aber, wo doch sogar mein 9-j\u00e4hriger Neffe schon seit einem Jahr [&hellip;]<\/p>\n","protected":false},"author":1,"featured_media":571,"comment_status":"open","ping_status":"open","sticky":false,"template":"","format":"standard","meta":{"footnotes":""},"categories":[10],"tags":[13],"class_list":["post-565","post","type-post","status-publish","format-standard","has-post-thumbnail","hentry","category-dusseldorf","tag-geschichte"],"_links":{"self":[{"href":"https:\/\/sylviabratzik.de\/index.php\/wp-json\/wp\/v2\/posts\/565","targetHints":{"allow":["GET"]}}],"collection":[{"href":"https:\/\/sylviabratzik.de\/index.php\/wp-json\/wp\/v2\/posts"}],"about":[{"href":"https:\/\/sylviabratzik.de\/index.php\/wp-json\/wp\/v2\/types\/post"}],"author":[{"embeddable":true,"href":"https:\/\/sylviabratzik.de\/index.php\/wp-json\/wp\/v2\/users\/1"}],"replies":[{"embeddable":true,"href":"https:\/\/sylviabratzik.de\/index.php\/wp-json\/wp\/v2\/comments?post=565"}],"version-history":[{"count":5,"href":"https:\/\/sylviabratzik.de\/index.php\/wp-json\/wp\/v2\/posts\/565\/revisions"}],"predecessor-version":[{"id":636,"href":"https:\/\/sylviabratzik.de\/index.php\/wp-json\/wp\/v2\/posts\/565\/revisions\/636"}],"wp:featuredmedia":[{"embeddable":true,"href":"https:\/\/sylviabratzik.de\/index.php\/wp-json\/wp\/v2\/media\/571"}],"wp:attachment":[{"href":"https:\/\/sylviabratzik.de\/index.php\/wp-json\/wp\/v2\/media?parent=565"}],"wp:term":[{"taxonomy":"category","embeddable":true,"href":"https:\/\/sylviabratzik.de\/index.php\/wp-json\/wp\/v2\/categories?post=565"},{"taxonomy":"post_tag","embeddable":true,"href":"https:\/\/sylviabratzik.de\/index.php\/wp-json\/wp\/v2\/tags?post=565"}],"curies":[{"name":"wp","href":"https:\/\/api.w.org\/{rel}","templated":true}]}}